{"id":599,"date":"2012-08-25T16:44:38","date_gmt":"2012-08-25T16:44:38","guid":{"rendered":"http:\/\/www.abadaportugal.org\/site\/?p=599"},"modified":"2012-08-25T17:25:51","modified_gmt":"2012-08-25T17:25:51","slug":"599","status":"publish","type":"post","link":"https:\/\/www.abadaportugal.org\/site\/2012\/08\/25\/599\/","title":{"rendered":"Batizado e Troca de Cordas 2012"},"content":{"rendered":"<p style=\"text-align: center;\"><a href=\"http:\/\/www.abadaportugal.org\/site\/wp-content\/uploads\/2012\/08\/camisola-batizado-2012-ft-e-costas-retificado.jpg\"><img loading=\"lazy\" decoding=\"async\" class=\"size-full wp-image-600  aligncenter\" title=\"Batizado 2012\" src=\"http:\/\/www.abadaportugal.org\/site\/wp-content\/uploads\/2012\/08\/camisola-batizado-2012-ft-e-costas-retificado.jpg\" alt=\"\" width=\"585\" height=\"676\" srcset=\"https:\/\/www.abadaportugal.org\/site\/wp-content\/uploads\/2012\/08\/camisola-batizado-2012-ft-e-costas-retificado.jpg 650w, https:\/\/www.abadaportugal.org\/site\/wp-content\/uploads\/2012\/08\/camisola-batizado-2012-ft-e-costas-retificado-259x300.jpg 259w\" sizes=\"auto, (max-width: 585px) 100vw, 585px\" \/><\/a><\/p>\n<p><br class=\"spacer_\" \/><\/p>\n<div id=\"_mcePaste\"><strong><span style=\"font-size: medium;\">Programa Guimar\u00e3es<\/span><\/strong><\/div>\n<div><strong><span style=\"font-size: medium;\"><br \/>\n <\/span><\/strong><\/div>\n<div id=\"_mcePaste\"><span style=\"font-size: medium;\">Sexta Feira &#8211;\u00a007\/09\/12<\/span><\/div>\n<div>\n<ul>\n<li><span style=\"font-size: medium;\">20H30 &#8211; &#8220;Roda de Rua&#8221; &#8211; Largo da Oliveira (Centro Hist\u00f3rico de Guimar\u00e3es)<\/span><\/li>\n<\/ul>\n<\/div>\n<div><span style=\"font-size: medium;\">S\u00e1bado &#8211;\u00a008\/09\/12<\/span><\/div>\n<div>\n<ul>\n<li><span style=\"font-size: medium;\">10H00 \u00e0s 13H00 &#8211; &#8220;Aula de Capoeira&#8221; &#8211; Pavilh\u00e3o da Universidade do Minho \/ Azur\u00e9m &#8211; Guimar\u00e3es<\/span><\/li>\n<li><span style=\"font-size: medium;\">16H00 &#8211; &#8220;Batizado e Troca de Cordas&#8221; &#8211; Professor Casc\u00e3o &#8211; Pavilh\u00e3o da Universidade do Minho<\/span><\/li>\n<\/ul>\n<p><br class=\"spacer_\" \/><\/p>\n<p><span style=\"font-size: medium; font-weight: bold;\">Programa Porto<\/span><\/p>\n<div><strong><span style=\"font-size: medium;\"><br \/>\n <\/span><\/strong><\/div>\n<div><span style=\"font-size: medium;\">Domingo\u00a0&#8211; 09\/09\/12<\/span><\/div>\n<div>\n<ul>\n<li><span style=\"font-size: medium;\">18H00 &#8211; &#8220;Batizado e Troca de Cordas&#8221; &#8211; Instrutor Narizinho e Graduado Tabar\u00e9u<\/span><\/li>\n<li><span style=\"font-size: medium;\">21H00 &#8211; Festa\/Churrasco no jardim, com m\u00fasica\u00a0<span style=\"line-height: 19px;\">&#8211; 12.5\u20ac por pessoa<\/span> <span style=\"line-height: 19px;\">(comida e bebida \u00e1 descri\u00e7\u00e3o, as bebidas incluem \u00e1gua, sumos, refrigerantes, cerveja, vinho, sangria)<\/span><\/span><\/li>\n<li><span style=\"line-height: 19px;\"><span style=\"font-size: medium;\">00H00 &#8211; Jam Session no interior<\/span><\/span><\/li>\n<li><span style=\"line-height: 19px;\"><span style=\"font-size: medium;\">00H30 &#8211; Festa com DJ (a entrada na festa \u00e9 gratuita aqueles que pagarem a festa\/churrasco no exterior) <\/span><\/span><\/li>\n<\/ul>\n<div id=\"_mcePaste\"><span style=\"font-size: medium;\">Todo o evento do Porto ser\u00e1 realizado em:<\/span><\/div>\n<div><span style=\"font-size: medium;\"> BREYNER85<\/span><\/div>\n<div><span style=\"font-size: medium;\">Rua do Breiner n\u00ba 85 &#8211; Porto<\/span><\/div>\n<div><span style=\"font-size: medium;\">www.breyner85.com<\/span><\/div>\n<div><span style=\"font-size: medium;\"><br \/>\n <\/span><\/div>\n<div><span style=\"font-size: medium;\">O batizado, a festa, o churrasco, etc, s\u00e3o abertos ao p\u00fablico em geral mediante o respectivo pagamento, por isso\u00a0podem e devem trazer familiares e\/ou amigos para um belo domingo de festa.<\/span><\/div>\n<\/div>\n<\/div>\n<p><br class=\"spacer_\" \/><\/p>\n","protected":false},"excerpt":{"rendered":"<p>Programa Guimar\u00e3es Sexta Feira &#8211;\u00a007\/09\/12 20H30 &#8211; &#8220;Roda de Rua&#8221; &#8211; Largo da Oliveira (Centro Hist\u00f3rico de Guimar\u00e3es) S\u00e1bado &#8211;\u00a008\/09\/12 10H00 \u00e0s 13H00 &#8211; &#8220;Aula de Capoeira&#8221; &#8211; Pavilh\u00e3o da Universidade do Minho \/ Azur\u00e9m &#8211; Guimar\u00e3es 16H00 &#8211; &#8220;Batizado<\/p>\n","protected":false},"author":2,"featured_media":0,"comment_status":"closed","ping_status":"open","sticky":false,"template":"","format":"standard","meta":{"ngg_post_thumbnail":0,"footnotes":""},"categories":[10],"tags":[],"class_list":["post-599","post","type-post","status-publish","format-standard","hentry","category-geral"],"_links":{"self":[{"href":"https:\/\/www.abadaportugal.org\/site\/wp-json\/wp\/v2\/posts\/599","targetHints":{"allow":["GET"]}}],"collection":[{"href":"https:\/\/www.abadaportugal.org\/site\/wp-json\/wp\/v2\/posts"}],"about":[{"href":"https:\/\/www.abadaportugal.org\/site\/wp-json\/wp\/v2\/types\/post"}],"author":[{"embeddable":true,"href":"https:\/\/www.abadaportugal.org\/site\/wp-json\/wp\/v2\/users\/2"}],"replies":[{"embeddable":true,"href":"https:\/\/www.abadaportugal.org\/site\/wp-json\/wp\/v2\/comments?post=599"}],"version-history":[{"count":18,"href":"https:\/\/www.abadaportugal.org\/site\/wp-json\/wp\/v2\/posts\/599\/revisions"}],"predecessor-version":[{"id":618,"href":"https:\/\/www.abadaportugal.org\/site\/wp-json\/wp\/v2\/posts\/599\/revisions\/618"}],"wp:attachment":[{"href":"https:\/\/www.abadaportugal.org\/site\/wp-json\/wp\/v2\/media?parent=599"}],"wp:term":[{"taxonomy":"category","embeddable":true,"href":"https:\/\/www.abadaportugal.org\/site\/wp-json\/wp\/v2\/categories?post=599"},{"taxonomy":"post_tag","embeddable":true,"href":"https:\/\/www.abadaportugal.org\/site\/wp-json\/wp\/v2\/tags?post=599"}],"curies":[{"name":"wp","href":"https:\/\/api.w.org\/{rel}","templated":true}]}}