{"id":471,"date":"2011-10-11T14:26:46","date_gmt":"2011-10-11T14:26:46","guid":{"rendered":"http:\/\/www.abadaportugal.org\/site\/?p=471"},"modified":"2011-10-12T12:27:51","modified_gmt":"2011-10-12T12:27:51","slug":"5%c2%ba-batizado-e-troca-de-cordas-lisboaoeiras-2011","status":"publish","type":"post","link":"https:\/\/www.abadaportugal.org\/site\/2011\/10\/11\/5%c2%ba-batizado-e-troca-de-cordas-lisboaoeiras-2011\/","title":{"rendered":"5\u00ba Batizado e Troca de Cordas Lisboa\/Oeiras 2011"},"content":{"rendered":"<p style=\"text-align: center;\"><a href=\"http:\/\/www.abadaportugal.org\/site\/wp-content\/uploads\/2011\/10\/btz-2011-copy.jpg\"><img loading=\"lazy\" decoding=\"async\" class=\"aligncenter size-large wp-image-472\" title=\"btz 2011 copy\" src=\"http:\/\/www.abadaportugal.org\/site\/wp-content\/uploads\/2011\/10\/btz-2011-copy-723x1024.jpg\" alt=\"\" width=\"586\" height=\"830\" srcset=\"https:\/\/www.abadaportugal.org\/site\/wp-content\/uploads\/2011\/10\/btz-2011-copy-723x1024.jpg 723w, https:\/\/www.abadaportugal.org\/site\/wp-content\/uploads\/2011\/10\/btz-2011-copy-212x300.jpg 212w, https:\/\/www.abadaportugal.org\/site\/wp-content\/uploads\/2011\/10\/btz-2011-copy.jpg 724w\" sizes=\"auto, (max-width: 586px) 100vw, 586px\" \/><\/a><\/p>\n<p><br class=\"spacer_\" \/><\/p>\n<p style=\"text-align: center;\"><span style=\"font-size: large;\">Workshop com Mestrando Apache de 19 a 21 de Outubro<\/span><\/p>\n<p style=\"text-align: center;\"><span style=\"font-size: large;\">Local: Pavilh\u00e3o Odivelas<\/span><\/p>\n<p style=\"text-align: center;\"><span style=\"font-size: large;\">Organiza\u00e7\u00e3o: Instrutores Ch\u00e1 Preto e Pacheco<\/span><\/p>\n<p style=\"text-align: center;\"><span style=\"font-size: large;\">Informa\u00e7\u00f5es: 960114530 &#8211; 919881619<\/span><\/p>\n<p style=\"text-align: center;\"><a href=\"http:\/\/www.abadacascais.com\" target=\"_blank\"><span style=\"font-size: large;\">www.abadacascais.com<\/span><\/a><\/p>\n","protected":false},"excerpt":{"rendered":"<p>Workshop com Mestrando Apache de 19 a 21 de Outubro Local: Pavilh\u00e3o Odivelas Organiza\u00e7\u00e3o: Instrutores Ch\u00e1 Preto e Pacheco Informa\u00e7\u00f5es: 960114530 &#8211; 919881619 www.abadacascais.com<\/p>\n","protected":false},"author":2,"featured_media":0,"comment_status":"closed","ping_status":"open","sticky":false,"template":"","format":"standard","meta":{"ngg_post_thumbnail":0,"footnotes":""},"categories":[10],"tags":[],"class_list":["post-471","post","type-post","status-publish","format-standard","hentry","category-geral"],"_links":{"self":[{"href":"https:\/\/www.abadaportugal.org\/site\/wp-json\/wp\/v2\/posts\/471","targetHints":{"allow":["GET"]}}],"collection":[{"href":"https:\/\/www.abadaportugal.org\/site\/wp-json\/wp\/v2\/posts"}],"about":[{"href":"https:\/\/www.abadaportugal.org\/site\/wp-json\/wp\/v2\/types\/post"}],"author":[{"embeddable":true,"href":"https:\/\/www.abadaportugal.org\/site\/wp-json\/wp\/v2\/users\/2"}],"replies":[{"embeddable":true,"href":"https:\/\/www.abadaportugal.org\/site\/wp-json\/wp\/v2\/comments?post=471"}],"version-history":[{"count":11,"href":"https:\/\/www.abadaportugal.org\/site\/wp-json\/wp\/v2\/posts\/471\/revisions"}],"predecessor-version":[{"id":483,"href":"https:\/\/www.abadaportugal.org\/site\/wp-json\/wp\/v2\/posts\/471\/revisions\/483"}],"wp:attachment":[{"href":"https:\/\/www.abadaportugal.org\/site\/wp-json\/wp\/v2\/media?parent=471"}],"wp:term":[{"taxonomy":"category","embeddable":true,"href":"https:\/\/www.abadaportugal.org\/site\/wp-json\/wp\/v2\/categories?post=471"},{"taxonomy":"post_tag","embeddable":true,"href":"https:\/\/www.abadaportugal.org\/site\/wp-json\/wp\/v2\/tags?post=471"}],"curies":[{"name":"wp","href":"https:\/\/api.w.org\/{rel}","templated":true}]}}