{"id":457,"date":"2011-09-28T14:41:01","date_gmt":"2011-09-28T14:41:01","guid":{"rendered":"http:\/\/www.abadaportugal.org\/site\/?p=457"},"modified":"2011-09-28T14:48:38","modified_gmt":"2011-09-28T14:48:38","slug":"portugal-em-grande-nos-viii-jogos-mundiais-abada-capoeira-2011","status":"publish","type":"post","link":"https:\/\/www.abadaportugal.org\/site\/2011\/09\/28\/portugal-em-grande-nos-viii-jogos-mundiais-abada-capoeira-2011\/","title":{"rendered":"Portugal em grande nos VIII Jogos Mundiais ABAD\u00c1-Capoeira 2011"},"content":{"rendered":"<p class=\"MsoNormal\" style=\"text-align: center;\"><span style=\"font-size: 14pt; line-height: 115%;\">Portugal em grande nos VIII Jogos Mundiais ABAD\u00c1-Capoeira 2011, realizado no m\u00eas de Agosto na cidade do Rio de Janeiro, Brasil<\/span><\/p>\n<p class=\"MsoNormal\"><span style=\"font-size: 14pt; line-height: 115%;\"><a href=\"http:\/\/www.abadaportugal.org\/site\/wp-content\/uploads\/2011\/09\/881956405_n.jpg\"><img loading=\"lazy\" decoding=\"async\" class=\"aligncenter size-full wp-image-461\" title=\"881956405_n\" src=\"http:\/\/www.abadaportugal.org\/site\/wp-content\/uploads\/2011\/09\/881956405_n.jpg\" alt=\"\" width=\"720\" height=\"540\" srcset=\"https:\/\/www.abadaportugal.org\/site\/wp-content\/uploads\/2011\/09\/881956405_n.jpg 720w, https:\/\/www.abadaportugal.org\/site\/wp-content\/uploads\/2011\/09\/881956405_n-300x225.jpg 300w\" sizes=\"auto, (max-width: 720px) 100vw, 720px\" \/><\/a><\/span><\/p>\n<p class=\"MsoNormal\"><span style=\"line-height: 18px;\"><span style=\"font-size: medium;\">Em nome de toda ABAD\u00c1-Capoeira Portugal, gostaria de parabenizar a excelente participa\u00e7\u00e3o da Aluna Graduada \u201cBoneca\u201d de Cascais, nos VIII Jogos Mundias ABAD\u00c1-Capoeira, realizado de 16 \u00e0 21 de Agosto na cidade do Rio de Janeiro. Com muito m\u00e9rito obteve o 3\u00ba coloca\u00e7\u00e3o no absoluto da categoria \u201cB\u201d entre mais de 100 competidores, representando Portugal ao mais alto n\u00edvel.<\/span><\/span><\/p>\n<p class=\"MsoNormal\"><span style=\"line-height: 18px;\"><span style=\"font-size: medium;\"><br \/>\n <\/span><\/span><\/p>\n<p class=\"MsoNormal\" style=\"text-align: justify;\"><span style=\"line-height: 115%;\"><span style=\"font-size: medium;\">Resultados como este, nos d\u00e3o motiva\u00e7\u00e3o e orgulho e nos faz acreditar que \u00e9 poss\u00edvel, a vitoria \u00e9 uma quest\u00e3o de tempo, tendo f\u00e9 e determina\u00e7\u00e3o conseguiremos alcan\u00e7ar nossos objectivos, basta acreditar!<\/span><\/span><\/p>\n<p class=\"MsoNormal\" style=\"text-align: justify;\"><span style=\"line-height: 115%;\"><span style=\"font-size: medium;\">Parab\u00e9ns tamb\u00e9m a toda Equipa Abad\u00e1 Portugal (Professores, Instrutores e Alunos Graduados) que nesses 12 anos seguram o trabalho e ajudam a semear a semente da Capoeira, a semente ABAD\u00c1-Capoeira.<\/span><\/span><\/p>\n<p class=\"MsoNormal\" style=\"text-align: justify;\"><span style=\"line-height: 115%;\"><span style=\"font-size: medium;\"><br \/>\n <\/span><\/span><\/p>\n<p class=\"MsoNormal\" style=\"text-align: justify;\"><span style=\"line-height: 115%;\"><span style=\"font-size: medium;\">I\u00ea Volta do Mundo Camar\u00e1\u2026<\/span><\/span><\/p>\n<p class=\"MsoNormal\" style=\"text-align: justify;\"><span style=\"line-height: 115%;\"><span style=\"font-size: medium;\"><br \/>\n <\/span><\/span><\/p>\n<p class=\"MsoNormal\" style=\"text-align: justify;\"><span style=\"line-height: 115%;\"><span style=\"font-size: medium;\">Professor Casc\u00e3o<\/span><\/span><\/p>\n<p class=\"MsoNormal\" style=\"text-align: justify;\"><span style=\"line-height: 115%;\"><span style=\"font-size: medium;\">Coordenador ABAD\u00c1-Capoeira Portugal<\/span><\/span><\/p>\n<p class=\"MsoNormal\"><span style=\"font-size: 12pt; line-height: 115%;\"> <\/span><\/p>\n","protected":false},"excerpt":{"rendered":"<p>Portugal em grande nos VIII Jogos Mundiais ABAD\u00c1-Capoeira 2011, realizado no m\u00eas de Agosto na cidade do Rio de Janeiro, Brasil Em nome de toda ABAD\u00c1-Capoeira Portugal, gostaria de parabenizar a excelente participa\u00e7\u00e3o da Aluna Graduada \u201cBoneca\u201d de Cascais, nos<\/p>\n","protected":false},"author":2,"featured_media":0,"comment_status":"closed","ping_status":"open","sticky":false,"template":"","format":"standard","meta":{"ngg_post_thumbnail":0,"footnotes":""},"categories":[10],"tags":[],"class_list":["post-457","post","type-post","status-publish","format-standard","hentry","category-geral"],"_links":{"self":[{"href":"https:\/\/www.abadaportugal.org\/site\/wp-json\/wp\/v2\/posts\/457","targetHints":{"allow":["GET"]}}],"collection":[{"href":"https:\/\/www.abadaportugal.org\/site\/wp-json\/wp\/v2\/posts"}],"about":[{"href":"https:\/\/www.abadaportugal.org\/site\/wp-json\/wp\/v2\/types\/post"}],"author":[{"embeddable":true,"href":"https:\/\/www.abadaportugal.org\/site\/wp-json\/wp\/v2\/users\/2"}],"replies":[{"embeddable":true,"href":"https:\/\/www.abadaportugal.org\/site\/wp-json\/wp\/v2\/comments?post=457"}],"version-history":[{"count":7,"href":"https:\/\/www.abadaportugal.org\/site\/wp-json\/wp\/v2\/posts\/457\/revisions"}],"predecessor-version":[{"id":467,"href":"https:\/\/www.abadaportugal.org\/site\/wp-json\/wp\/v2\/posts\/457\/revisions\/467"}],"wp:attachment":[{"href":"https:\/\/www.abadaportugal.org\/site\/wp-json\/wp\/v2\/media?parent=457"}],"wp:term":[{"taxonomy":"category","embeddable":true,"href":"https:\/\/www.abadaportugal.org\/site\/wp-json\/wp\/v2\/categories?post=457"},{"taxonomy":"post_tag","embeddable":true,"href":"https:\/\/www.abadaportugal.org\/site\/wp-json\/wp\/v2\/tags?post=457"}],"curies":[{"name":"wp","href":"https:\/\/api.w.org\/{rel}","templated":true}]}}