{"id":353,"date":"2011-03-02T20:46:10","date_gmt":"2011-03-02T20:46:10","guid":{"rendered":"http:\/\/www.abadaportugal.org\/site\/?p=353"},"modified":"2011-03-03T00:13:24","modified_gmt":"2011-03-03T00:13:24","slug":"aluguer-de-automoveis","status":"publish","type":"post","link":"https:\/\/www.abadaportugal.org\/site\/2011\/03\/02\/aluguer-de-automoveis\/","title":{"rendered":"SecondCar &#8211; Aluguer de Autom\u00f3veis"},"content":{"rendered":"<p style=\"text-align: justify;\">A organiza\u00e7\u00e3o do evento informa que estabeleceu uma parceria com a SecondCar, uma empresa de aluguer de autom\u00f3ves.<\/p>\n<p style=\"text-align: justify;\">A parceria envolve condi\u00e7\u00f5es de aluguer especiais para os participantes do evento.<\/p>\n<p style=\"text-align: justify;\">\u00a0<\/p>\n<p style=\"text-align: justify;\">Viatura Pequena a Diesel \/ Small Diesel Car<\/p>\n<p style=\"text-align: justify;\">&#8211; 30,00\u20ac\/dia \u2013 Franquia\/Liability &#8211; 1200,00\u20ac<\/p>\n<p style=\"text-align: justify;\">&#8211; 42,00\u20ac\/dia\u00a0\u2013 Franquia\/Liability &#8211; 98,00\u20ac<\/p>\n<p style=\"text-align: justify;\">\u00a0<\/p>\n<p style=\"text-align: justify;\">Viatura M\u00e9dia a Diesel \/ Confort Diesel Car<\/p>\n<p style=\"text-align: justify;\">&#8211; 50,00\u20ac\/dia\u00a0\u2013 Franquia\/Liability &#8211; 1700,00\u20ac<\/p>\n<p style=\"text-align: justify;\">&#8211; 62,00\u20ac\/dia\u00a0\u2013 Franquia\/Liability &#8211; 98,00\u20ac<\/p>\n<p style=\"text-align: justify;\">\u00a0<\/p>\n<p style=\"text-align: justify;\">Condi\u00e7\u00f5es de Aluguer \/ Rental Conditions<\/p>\n<p style=\"text-align: justify;\">&#8211; M\u00ednimo 21 anos \/ Minimum 21 Years Old<\/p>\n<p style=\"text-align: justify;\">&#8211; Carta de Condu\u00e7\u00e3o \/ Driver\u2019s Licence<\/p>\n<p style=\"text-align: justify;\">&#8211; Reserva com 48h de anteced\u00eancia \/ Previous reservation minimum 48 hours<\/p>\n<p style=\"text-align: justify;\">\u00a0<\/p>\n<p style=\"text-align: justify;\">Para reservar \/ Reservations<\/p>\n<p style=\"text-align: justify;\"><a href=\"mailto:catarinacoelho@secondcar.pt\">catarinacoelho@secondcar.pt<\/a><\/p>\n<p style=\"text-align: justify;\">\u00a0<\/p>\n<p style=\"text-align: justify;\">No momento da reserva, aquilo que \u00e9 necess\u00e1rio por parte do cliente \u00e9 que tipo de carro v\u00e3o querer, se v\u00e3o fazer o seguro ou n\u00e3o, o nome, contacto telef\u00f3nico e o n\u00ba do voo.<\/p>\n<p style=\"text-align: justify;\">\u00a0<\/p>\n<p style=\"text-align: justify;\">Outros Contactos \/ Other Contacts:<\/p>\n<p style=\"text-align: justify;\">&#8211; Secondcar Guimar\u00e3es &#8211; +351 962557965 \/ +351 925351482<\/p>\n<p style=\"text-align: justify;\">&#8211; Secondcar Matosinhos &#8211; +351 962541817 \/ +351 925351484<\/p>\n<p style=\"text-align: justify;\">\u00a0<\/p>\n","protected":false},"excerpt":{"rendered":"<p>A organiza\u00e7\u00e3o do evento informa que estabeleceu uma parceria com a SecondCar, uma empresa de aluguer de autom\u00f3ves. A parceria envolve condi\u00e7\u00f5es de aluguer especiais para os participantes do evento. \u00a0 Viatura Pequena a Diesel \/ Small Diesel Car &#8211;<\/p>\n","protected":false},"author":2,"featured_media":0,"comment_status":"closed","ping_status":"open","sticky":false,"template":"","format":"standard","meta":{"ngg_post_thumbnail":0,"footnotes":""},"categories":[10],"tags":[],"class_list":["post-353","post","type-post","status-publish","format-standard","hentry","category-geral"],"_links":{"self":[{"href":"https:\/\/www.abadaportugal.org\/site\/wp-json\/wp\/v2\/posts\/353","targetHints":{"allow":["GET"]}}],"collection":[{"href":"https:\/\/www.abadaportugal.org\/site\/wp-json\/wp\/v2\/posts"}],"about":[{"href":"https:\/\/www.abadaportugal.org\/site\/wp-json\/wp\/v2\/types\/post"}],"author":[{"embeddable":true,"href":"https:\/\/www.abadaportugal.org\/site\/wp-json\/wp\/v2\/users\/2"}],"replies":[{"embeddable":true,"href":"https:\/\/www.abadaportugal.org\/site\/wp-json\/wp\/v2\/comments?post=353"}],"version-history":[{"count":7,"href":"https:\/\/www.abadaportugal.org\/site\/wp-json\/wp\/v2\/posts\/353\/revisions"}],"predecessor-version":[{"id":356,"href":"https:\/\/www.abadaportugal.org\/site\/wp-json\/wp\/v2\/posts\/353\/revisions\/356"}],"wp:attachment":[{"href":"https:\/\/www.abadaportugal.org\/site\/wp-json\/wp\/v2\/media?parent=353"}],"wp:term":[{"taxonomy":"category","embeddable":true,"href":"https:\/\/www.abadaportugal.org\/site\/wp-json\/wp\/v2\/categories?post=353"},{"taxonomy":"post_tag","embeddable":true,"href":"https:\/\/www.abadaportugal.org\/site\/wp-json\/wp\/v2\/tags?post=353"}],"curies":[{"name":"wp","href":"https:\/\/api.w.org\/{rel}","templated":true}]}}